{"id":1838,"date":"2015-08-12T09:46:05","date_gmt":"2015-08-12T07:46:05","guid":{"rendered":"http:\/\/www.gartenakademie.org\/?p=1838"},"modified":"2015-08-20T15:28:29","modified_gmt":"2015-08-20T13:28:29","slug":"19-8-2015-vortrag-ute-scheub-berlin-terra-preta-neue-erde-fuer-die-stadt","status":"publish","type":"post","link":"http:\/\/www.gartenakademie.org\/?p=1838","title":{"rendered":"19.8.2015  Vortrag Ute Scheub (Berlin) \u201eTerra Preta \u2013 neue Erde f\u00fcr die Stadt\u201c"},"content":{"rendered":"<p><strong>Mi 19.8. 19 Uhr Vortrag mit Ute Scheub (Berlin) \u201eTerra Preta \u2013 neue Erde f\u00fcr die Stadt\u201c<br \/>\n<\/strong><\/p>\n<figure id=\"attachment_1837\" aria-describedby=\"caption-attachment-1837\" style=\"width: 354px\" class=\"wp-caption aligncenter\"><a href=\"http:\/\/www.gartenakademie.org\/wp-content\/uploads\/2015\/08\/Titel_Scheub_TerraPreta_GPreis_fb-klein.jpg\"><img loading=\"lazy\" class=\"wp-image-1837 size-full\" src=\"http:\/\/www.gartenakademie.org\/wp-content\/uploads\/2015\/08\/Titel_Scheub_TerraPreta_GPreis_fb-klein.jpg\" alt=\"Titel_Scheub_TerraPreta_GPreis_fb klein\" width=\"354\" height=\"539\" srcset=\"http:\/\/www.gartenakademie.org\/wp-content\/uploads\/2015\/08\/Titel_Scheub_TerraPreta_GPreis_fb-klein.jpg 354w, http:\/\/www.gartenakademie.org\/wp-content\/uploads\/2015\/08\/Titel_Scheub_TerraPreta_GPreis_fb-klein-197x300.jpg 197w\" sizes=\"(max-width: 354px) 100vw, 354px\" \/><\/a><figcaption id=\"caption-attachment-1837\" class=\"wp-caption-text\">ausgezeichnet mit dem &#8222;Deutschen Gartenbuchpreis 2013 Sonderpreis der Jury&#8220;<\/figcaption><\/figure>\n<p><strong>Terra Preta do Indio<\/strong> lautet der portugiesische Name f\u00fcr einen Stoff, dem man wundersame Eigenschaften zuschreibt. Die Presse \u00fcberschl\u00e4gt sich mit Berichten \u00fcber das &#8222;Schwarze Gold&#8220;, die Wissenschaft glaubt mit der Schwarzerde aus dem Regenwald zwei der gr\u00f6\u00dften Menschheitsprobleme l\u00f6sen zu k\u00f6nnen &#8211; den Klimawandel und die Hungerkrise. Das Gute daran: Jede(r) kann mithelfen, denn seit 2005 ist das Geheimnis um die Herstellung der Wundererde gel\u00fcftet &#8211; ein Geheimnis, welches mit dem Niedergang der einstmals bl\u00fchenden Indianerkulturen Amazoniens verloren zu gehen schien. <strong>Die Rezeptur mutet dabei erstaunlich einfach an, denn mehr als K\u00fcchen- oder Gartenabf\u00e4lle, Holzkohle und Regenw\u00fcrmer sind nicht n\u00f6tig &#8211; Terra Preta ist somit auf jedem Balkon und in jedem Kleingarten herstellbar. <\/strong>Das Autorentrio Scheub, Pieplow und Schmidt hat sich auf Schatzsuche begeben und das Wissen um die fruchtbarste Erde der Welt in einem kundigen F\u00fchrer zusammengetragen. <span style=\"color: #000000;\"><strong>Das Buch wurde 2013 mit dem &#8222;Deutscher Gartenbuchpreis 2013 Sonderpreis der Jury&#8220; ausgezeichnet.<\/strong><\/span><\/p>\n<p><strong>Literatur:<\/strong> Haiko Pieplow, Ute Scheub, Hans-Peter Schmidt\u00a0 (Hrsg.) &#8222;Terra Preta. Die schwarze Revolution aus dem Regenwald &#8211; Mit Klimag\u00e4rtnern die Welt retten und gesunde Lebensmittel produzieren&#8220;Oekom Verlag, M\u00fcnchen 2013. ISBN 3-8658-1407-7\u00a0 &#8222;(&#8230;) eine Art Mutmacher-Buch, das perfekt in die gerade boomende Urban Gardening-Bewegung passt.&#8220; (Johannes Kaiser, Deutschlandradio Kultur, M\u00e4rz 2013)<\/p>\n<p><strong>Dr. rer. pol. Ute Scheub (Jahrgang 1955) Biografie:<\/strong> Geboren und aufgewachsen in T\u00fcbingen. C-Pr\u00fcfung als Organistin, 1974 Abitur. Studium der Politologie und diverser Nebenf\u00e4cher, unter anderem Germanistik und Publizistik, an der Freien Universit\u00e4t Berlin, 1980 Abschluss als Diplompolitologin, 2010 Promotion.\u00a0 Webseite:<a href=\"http:\/\/www.utescheub.de\"> www.utescheub.de<\/a><\/p>\n<p><strong>1978\/79 Mitbegr\u00fcnderin der \u201etaz\u201c<\/strong>, dort Redakteurin im \u00d6kologieressort, dann in der Nachrichtenredaktion, sp\u00e4ter in der Lokalredaktion Hamburg und Berlin, zuletzt dort Frauenredakteurin. <strong>Seit 1997 freie Journalistin und Publizistin,<\/strong> schreibt f\u00fcr diverse Tageszeitungen und Zeitschriften, ver\u00f6ffentlichte bislang ein Dutzend B\u00fccher (Sachb\u00fccher und zwei Erz\u00e4hlungen) sowie unz\u00e4hlige Artikel, Kurzgeschichten und Essays. Hat eine Vorliebe f\u00fcr ermutigende Good News und gelungene Geschichten. Seit 2009 verantwortlich f\u00fcr mehrere \u201cGoodnews\u201d-Ausgaben der taz. 2010 Launch der deutsch-englischen Website <a href=\"http:\/\/www.visionews.net\">www.visionews.net<\/a> mit Erfolgsgeschichten, wie Frauen weltweit f\u00fcr Frieden und \u00f6kologische Gerechtigkeit sorgen. Seit 2011\/12 Verfassen von Portraits \u00f6kosozialer Pioniere f\u00fcr die Stiftung <a href=\"http:\/\/www.futurzwei.org.\">www.futurzwei.org.<\/a><\/p>\n<p><strong>Weitere Informationen zu Terra preta<\/strong>: <a href=\"https:\/\/de.wikipedia.org\/wiki\/Terra_preta\">Wikipedia<\/a> \u00a0<a href=\"http:\/\/www.ithaka-journal.net\/terra-preta-ein-modell-fur-regionales-stoffstrommanagement\">Haiko Pieplow: &#8222;Terra Preta -Modell f\u00fcr regionale Stoffstr\u00f6me&#8220;<\/a> \u00a0\u00a0 <a href=\"http:\/\/www.taz.de\/!5131956\/\">Ute Scheub: TAZ 20.11.2010 Die besonderen Potenziale von Terra Preta Bl\u00fchende Landschaften <\/a><\/p>\n","protected":false},"excerpt":{"rendered":"<p>Mi 19.8. 19 Uhr Vortrag mit Ute Scheub (Berlin) \u201eTerra Preta \u2013 neue Erde f\u00fcr die Stadt\u201c Terra Preta do<\/p>\n","protected":false},"author":2,"featured_media":1839,"comment_status":"closed","ping_status":"closed","sticky":false,"template":"","format":"standard","meta":[],"categories":[69,15,62],"tags":[8,61,67],"_links":{"self":[{"href":"http:\/\/www.gartenakademie.org\/index.php?rest_route=\/wp\/v2\/posts\/1838"}],"collection":[{"href":"http:\/\/www.gartenakademie.org\/index.php?rest_route=\/wp\/v2\/posts"}],"about":[{"href":"http:\/\/www.gartenakademie.org\/index.php?rest_route=\/wp\/v2\/types\/post"}],"author":[{"embeddable":true,"href":"http:\/\/www.gartenakademie.org\/index.php?rest_route=\/wp\/v2\/users\/2"}],"replies":[{"embeddable":true,"href":"http:\/\/www.gartenakademie.org\/index.php?rest_route=%2Fwp%2Fv2%2Fcomments&post=1838"}],"version-history":[{"count":1,"href":"http:\/\/www.gartenakademie.org\/index.php?rest_route=\/wp\/v2\/posts\/1838\/revisions"}],"predecessor-version":[{"id":1840,"href":"http:\/\/www.gartenakademie.org\/index.php?rest_route=\/wp\/v2\/posts\/1838\/revisions\/1840"}],"wp:featuredmedia":[{"embeddable":true,"href":"http:\/\/www.gartenakademie.org\/index.php?rest_route=\/wp\/v2\/media\/1839"}],"wp:attachment":[{"href":"http:\/\/www.gartenakademie.org\/index.php?rest_route=%2Fwp%2Fv2%2Fmedia&parent=1838"}],"wp:term":[{"taxonomy":"category","embeddable":true,"href":"http:\/\/www.gartenakademie.org\/index.php?rest_route=%2Fwp%2Fv2%2Fcategories&post=1838"},{"taxonomy":"post_tag","embeddable":true,"href":"http:\/\/www.gartenakademie.org\/index.php?rest_route=%2Fwp%2Fv2%2Ftags&post=1838"}],"curies":[{"name":"wp","href":"https:\/\/api.w.org\/{rel}","templated":true}]}}