{"id":1847,"date":"2015-08-17T16:29:16","date_gmt":"2015-08-17T14:29:16","guid":{"rendered":"http:\/\/www.gartenakademie.org\/?p=1847"},"modified":"2015-08-22T15:01:52","modified_gmt":"2015-08-22T13:01:52","slug":"21-8-2015-vortrag-werner-heidemann-luenen-stadt-braucht-kleingarten-kleingarten-braucht-stadt","status":"publish","type":"post","link":"http:\/\/www.gartenakademie.org\/?p=1847","title":{"rendered":"21.8.2015 Vortrag Werner Heidemann (L\u00fcnen) \u201eStadt braucht Kleingarten \u2013 Kleingarten braucht Stadt \u201c"},"content":{"rendered":"<p><strong> 21.8. 20 Uhr Vortrag Werner Heidemann (L\u00fcnen) <\/strong>\u201e<strong>Stadt braucht Kleingarten \u2013 Kleingarten braucht Stadt\u201c<\/strong><\/p>\n<p>Werner Heidemann ist Pr\u00e4sidiumsmitglied des \u201eBundesverbands Deutscher Gartenfreunde e. V.\u201c Berlin und Gesch\u00e4ftsf\u00fchrer des Landesverbandes Westfalen und Lippe der Kleing\u00e4rtner &#8211; Werner Heidemann berichtet <a href=\"http:\/\/www.kleingarten-bundeswettbewerb.de\/fakten-3\/\">vom Bundeswettbewerb \u201eG\u00e4rten im St\u00e4dtebau\u201c Motto: Gemeinsam g\u00e4rtnern \u2013 gemeinsam wachsen <\/a>und zeigt die Lebendigkeit und Vielseitigkeit der deutschen Kleingartenkultur.<\/p>\n<figure id=\"attachment_1852\" aria-describedby=\"caption-attachment-1852\" style=\"width: 356px\" class=\"wp-caption aligncenter\"><a href=\"http:\/\/www.gartenakademie.org\/wp-content\/uploads\/2015\/08\/IMG_1708-klein.jpg\"><img loading=\"lazy\" class=\" wp-image-1852\" src=\"http:\/\/www.gartenakademie.org\/wp-content\/uploads\/2015\/08\/IMG_1708-klein.jpg\" alt=\"IMG_1708 klein\" width=\"356\" height=\"237\" srcset=\"http:\/\/www.gartenakademie.org\/wp-content\/uploads\/2015\/08\/IMG_1708-klein.jpg 354w, http:\/\/www.gartenakademie.org\/wp-content\/uploads\/2015\/08\/IMG_1708-klein-300x200.jpg 300w\" sizes=\"(max-width: 356px) 100vw, 356px\" \/><\/a><figcaption id=\"caption-attachment-1852\" class=\"wp-caption-text\">Foto: W. Weppelmann<\/figcaption><\/figure>\n<p><strong>Kleing\u00e4rten \u2013 Teil einer lebenswerten Stadt von morgen!<\/strong><\/p>\n<p><strong>Voll im Trend<\/strong><br \/>\nKleing\u00e4rten liegen wieder voll im Trend und erfreuen sich auch bei Familien mit Kindern von Jahr zu Jahr wachsender Beliebtheit. Sie erfahren erneut auch Bedeutung f\u00fcr einen sozialen und \u00f6kologischen St\u00e4dtebau, gerade unter dem Gesichtspunkt des Klimawandels.<\/p>\n<p>In der kompakten Stadt mit hoher Nutzungsmischung tragen Kleing\u00e4rten wie auch die \u00fcbrigen Typen innerst\u00e4dtischer \u00f6ffentlicher Gr\u00fcnanlagen zum Temperaturausgleich, zur Bindung von Feuchtigkeit und St\u00e4uben bei. Die Arten- und Strukturvielfalt von Kleingartenanlagen, oft zus\u00e4tzlich bereichert durch Feuchtbiotope, biologische Lehrg\u00e4rten, Insektenhotels und andere \u00f6kologische Angebote, tragen zur innerst\u00e4dtischen Biodiversit\u00e4t bei.<\/p>\n<p>Die gesellschaftliche Funktion der Kleingartenanlagen macht sich heute daran fest, dass die Kleing\u00e4rtnervereine sich im Sinne sozialer Nachhaltigkeit bem\u00fchen, alle Generationen, Familien und Alleinstehende, eine Vielfalt an Nationalit\u00e4ten, Menschen mit Behinderung und sozial Schwache zu integrieren.<\/p>\n<p>Die in den Kleingartenanlagen und Vereinen organisierten Gartenfreunde leisten einen gro\u00dfen Beitrag zum b\u00fcrgerschaftlichen Engagement. Dazu geh\u00f6ren die entsprechenden Kontakte zu benachbarten Institutionen wie Kinderg\u00e4rten, Kindertagesst\u00e4tten, Grundschulen und Seniorenwohnanlagen.<\/p>\n<p>Schnell haben die Kleing\u00e4rtner verstanden, wie wichtig es ist, bereits Kinder f\u00fcr das G\u00e4rtnern und f\u00fcr \u00f6kologische Zusammenh\u00e4nge, f\u00fcr gesundes Essen und eine schonende Zubereitung von Nahrung zu interessieren. Im wahrsten Sinne des Wortes \u201espielend\u201c werden die Kleinen an wichtige Lebensgrundlagen herangef\u00fchrt.<\/p>\n<p>Erg\u00e4nzende Informationen: <a href=\"http:\/\/www.hamburg.de\/contentblob\/134998\/data\/dokumentation-kleingartenkongress-druckversion.pdf\">Dokumentation Kongress: Kleing\u00e4rten mit Zukunft \u2013 Lebenswerte Stadt<\/a><\/p>\n","protected":false},"excerpt":{"rendered":"<p>21.8. 20 Uhr Vortrag Werner Heidemann (L\u00fcnen) \u201eStadt braucht Kleingarten \u2013 Kleingarten braucht Stadt\u201c Werner Heidemann ist Pr\u00e4sidiumsmitglied des \u201eBundesverbands<\/p>\n","protected":false},"author":2,"featured_media":1848,"comment_status":"closed","ping_status":"closed","sticky":false,"template":"","format":"standard","meta":[],"categories":[69,62],"tags":[8,24,61],"_links":{"self":[{"href":"http:\/\/www.gartenakademie.org\/index.php?rest_route=\/wp\/v2\/posts\/1847"}],"collection":[{"href":"http:\/\/www.gartenakademie.org\/index.php?rest_route=\/wp\/v2\/posts"}],"about":[{"href":"http:\/\/www.gartenakademie.org\/index.php?rest_route=\/wp\/v2\/types\/post"}],"author":[{"embeddable":true,"href":"http:\/\/www.gartenakademie.org\/index.php?rest_route=\/wp\/v2\/users\/2"}],"replies":[{"embeddable":true,"href":"http:\/\/www.gartenakademie.org\/index.php?rest_route=%2Fwp%2Fv2%2Fcomments&post=1847"}],"version-history":[{"count":4,"href":"http:\/\/www.gartenakademie.org\/index.php?rest_route=\/wp\/v2\/posts\/1847\/revisions"}],"predecessor-version":[{"id":1853,"href":"http:\/\/www.gartenakademie.org\/index.php?rest_route=\/wp\/v2\/posts\/1847\/revisions\/1853"}],"wp:featuredmedia":[{"embeddable":true,"href":"http:\/\/www.gartenakademie.org\/index.php?rest_route=\/wp\/v2\/media\/1848"}],"wp:attachment":[{"href":"http:\/\/www.gartenakademie.org\/index.php?rest_route=%2Fwp%2Fv2%2Fmedia&parent=1847"}],"wp:term":[{"taxonomy":"category","embeddable":true,"href":"http:\/\/www.gartenakademie.org\/index.php?rest_route=%2Fwp%2Fv2%2Fcategories&post=1847"},{"taxonomy":"post_tag","embeddable":true,"href":"http:\/\/www.gartenakademie.org\/index.php?rest_route=%2Fwp%2Fv2%2Ftags&post=1847"}],"curies":[{"name":"wp","href":"https:\/\/api.w.org\/{rel}","templated":true}]}}