{"id":1415,"date":"2014-06-17T08:13:47","date_gmt":"2014-06-17T06:13:47","guid":{"rendered":"http:\/\/www.gartenakademie.org\/?p=1415"},"modified":"2014-06-20T06:19:29","modified_gmt":"2014-06-20T04:19:29","slug":"19-6-2014-eroeffnung-mit-prof-dr-stefan-schweizer","status":"publish","type":"post","link":"https:\/\/www.gartenakademie.org\/?p=1415","title":{"rendered":"19.6.2014 Er\u00f6ffnung mit Prof. Dr. Stefan Schweizer"},"content":{"rendered":"<p style=\"text-align: center;\"><a href=\"http:\/\/www.gartenakademie.org\/wp-content\/uploads\/2014\/06\/Andre-le-Notre-Stefan-Schweizer.jpg\"><img loading=\"lazy\" class=\"aligncenter wp-image-1416 size-medium\" src=\"http:\/\/www.gartenakademie.org\/wp-content\/uploads\/2014\/06\/Andre-le-Notre-Stefan-Schweizer-160x300.jpg\" alt=\"Andre le Notre Stefan Schweizer\" width=\"160\" height=\"300\" \/><\/a><\/p>\n<p style=\"text-align: center;\"><a href=\"http:\/\/www.wagenbach.de\/der-verlag\/50-jahre-wagenbach.html\">50 Jahre Verlag Klaus Wagenbach &#8211; gegr\u00fcndet am 25. 8. 1964\u00a0 &#8211; Die Freie Gartenakademie\u00a0 gratuliert herzlichst &#8230; <\/a><\/p>\n<h3 class=\"parseasinTitle\"><strong>Er\u00f6ffnung der 9. Freien Gartenakademie 2014 am 19.6.2014 19 Uhr mit Prof. Dr. Stefan Schweizer <a href=\"http:\/\/www.wagenbach.de\/buecher\/titel\/915-andre-le-notre-und-die-erfindung-der-franzoesischen-gartenkunst.html\">\u201c<span style=\"font-size: medium;\">Andr\u00e9 le N\u00f4tre und die Erfindung der franz\u00f6sischen Gartenkunst\u201d<\/span><\/a><\/strong><\/h3>\n<p class=\"parseasinTitle\">Die franz\u00f6sischen Garten- und Parkanlagen Andr\u00e9 le N\u00f4tres \u2013 allen voran Versailles \u2013 wurden zum Vorbild f\u00fcr pr\u00e4chtige G\u00e4rten in ganz Europa: Herrenhausen, Nymphenburg, Sch\u00f6nbrunn und Peterhof in Russland. Stefan Schweizer stellt uns den Erfinder der barocken Gartenkunst vor und f\u00fchrt in seine sch\u00f6nsten Parks. Obgleich bekannt als Gartenk\u00fcnstler des Sonnenk\u00f6nigs, z\u00e4hlt Andr\u00e9 le N\u00f4tre (1613\u20131700) zu den noch immer unentdeckten K\u00fcnstlern des Barock.<\/p>\n<p class=\"parseasinTitle\">Prof. <a href=\"http:\/\/www.phil-fak.uni-duesseldorf.de\/kunst\/institut-fuer-kunstgeschichte\/institut\/dozierende\/pd-dr-stefan-schweizer\/\">Dr. Stefan Schweizer<\/a>\u00a0 geboren 1968, studierte Kunstgeschichte, Soziologie und Geschichte, war Juniorprofessor f\u00fcr Kunstgeschichte an der Heinrich-Heine-Universit\u00e4t D\u00fcsseldorf und bekleidete die Stiftungsprofessur Europ\u00e4ische Gartenkunst der Stadt D\u00fcsseldorf. Seit 2012 ist er Wissenschaftlicher Vorstand der Stiftung Schloss und Park Benrath und leitet dort unter anderem das Museum f\u00fcr Europ\u00e4ische Gartenkunst.<\/p>\n<p class=\"parseasinTitle\">Literatur: Stefan Schweizer \u201cAndr\u00e9 le N\u00f4tre und die Erfindung der franz\u00f6sischen Gartenkunst\u201d\u00a0\u00a0 Berlin: Wagenbach 2013 ISBN 978-3-8031-1298-9 \u2013 <strong><br \/>\n<\/strong><\/p>\n<p style=\"text-align: center;\"><a href=\"http:\/\/www.gartenakademie.org\/wp-content\/uploads\/2014\/06\/Schweizer_Portr\u00e4t.jpg\"><img loading=\"lazy\" class=\"aligncenter wp-image-1417 size-medium\" src=\"http:\/\/www.gartenakademie.org\/wp-content\/uploads\/2014\/06\/Schweizer_Portr\u00e4t-300x201.jpg\" alt=\"Schweizer_Portr\u00e4t\" width=\"300\" height=\"201\" srcset=\"https:\/\/www.gartenakademie.org\/wp-content\/uploads\/2014\/06\/Schweizer_Portr\u00e4t-300x201.jpg 300w, https:\/\/www.gartenakademie.org\/wp-content\/uploads\/2014\/06\/Schweizer_Portr\u00e4t-1024x689.jpg 1024w, https:\/\/www.gartenakademie.org\/wp-content\/uploads\/2014\/06\/Schweizer_Portr\u00e4t.jpg 1417w\" sizes=\"(max-width: 300px) 100vw, 300px\" \/><\/a><strong>Prof. Dr. Stefan Schweizer<\/strong><\/p>\n<h2>Vita<\/h2>\n<ul>\n<li>geboren 1968 in Eisenach<\/li>\n<li>1992 bis 1997 Studium der Kunstgeschichte, Geschichte und Soziologie an den Universit\u00e4ten Kassel, G\u00f6ttingen und Verona; die Magisterarbeit zur Architektur Michele Sanmichelis wurde mit dem \u203aItalienpreis der Italienischen Handelskammer in Deutschland 1998\u2039 ausgezeichnet<\/li>\n<li>1998 bis 2000 Stipendiat der Gerda Henkel Stiftung<\/li>\n<li>2001 Promotion an der Universit\u00e4t Kassel<\/li>\n<li>2000 bis 2005 wissenschaftlicher Mitarbeiter am Max-Planck-Institut f\u00fcr Geschichte in G\u00f6ttingen, Arbeitsschwerpunkt: Geschichtsimaginationen, Funktionen und Formen von k\u00fcnstlerischen Antiken- und Mittelalterrezeptionen<\/li>\n<li>Oktober 2005: Berufung zum Juniorprofessor f\u00fcr Kunstgeschichte mit Schwerpunkt Europ\u00e4ische Gartenkunstgeschichte am Institut f\u00fcr Kunstgeschichte (Stiftungsprofessur f\u00fcr Gartenkunst der Stadt D\u00fcsseldorf)<\/li>\n<li>Januar bis April: 2009 Forschungsstipendiat der Herzog-August-Bibliothek Wolfenb\u00fcttel<\/li>\n<li>Oktober 2010 \u2013 September 2012: Leiter der Arbeitsgruppe \u201cGeschichte der Gartenkunst in Deutschland\u201d \u2013<\/li>\n<li>M\u00e4rz 2011: Leiter der Sektion \u201cQuellenprobleme der Gartenkunstgeschichte\u201d auf dem 31. Deutschen Kunsthistorikertag in W\u00fcrzburg<\/li>\n<li>Juli 2011: Habilitation an der Philosophischen Fakult\u00e4t der Heinrich-Heine-Universit\u00e4t; Titel der Habilitationsschrift: \u201cDie Geburt der Gartenkunst. Gattungsautonomie \u2013 Diskursgeschichte \u2013 Kunstwerkanspruch (1550-1730)\u201d<\/li>\n<li>seit 1. November 2012 Wissenschaftlicher Vorstand der <a href=\"http:\/\/www.schloss-benrath.de\/\">Stiftung Schloss und Park Benrath<\/a><\/li>\n<li><a href=\"http:\/\/www.gartenakademie.org\/wp-content\/uploads\/2014\/06\/IMG_2814_Gr\u00f6\u00dfenver\u00e4nderung.jpg\"><img loading=\"lazy\" class=\"size-full wp-image-1425 aligncenter\" src=\"http:\/\/www.gartenakademie.org\/wp-content\/uploads\/2014\/06\/IMG_2814_Gr\u00f6\u00dfenver\u00e4nderung.jpg\" alt=\"IMG_2814_Gr\u00f6\u00dfenver\u00e4nderung\" width=\"800\" height=\"533\" srcset=\"https:\/\/www.gartenakademie.org\/wp-content\/uploads\/2014\/06\/IMG_2814_Gr\u00f6\u00dfenver\u00e4nderung.jpg 800w, https:\/\/www.gartenakademie.org\/wp-content\/uploads\/2014\/06\/IMG_2814_Gr\u00f6\u00dfenver\u00e4nderung-300x199.jpg 300w\" sizes=\"(max-width: 800px) 100vw, 800px\" \/><\/a><\/li>\n<li style=\"text-align: center;\">Prof. Dr. Stefan Schweizer am 19.6.2014 bei der Er\u00f6ffnung der 9. Freien Gartenkademie 2014<\/li>\n<\/ul>\n","protected":false},"excerpt":{"rendered":"<p>50 Jahre Verlag Klaus Wagenbach &#8211; gegr\u00fcndet am 25. 8. 1964\u00a0 &#8211; Die Freie Gartenakademie\u00a0 gratuliert herzlichst &#8230; Er\u00f6ffnung der<\/p>\n","protected":false},"author":2,"featured_media":1418,"comment_status":"open","ping_status":"open","sticky":false,"template":"","format":"standard","meta":[],"categories":[69,48,49],"tags":[8,94,92],"_links":{"self":[{"href":"https:\/\/www.gartenakademie.org\/index.php?rest_route=\/wp\/v2\/posts\/1415"}],"collection":[{"href":"https:\/\/www.gartenakademie.org\/index.php?rest_route=\/wp\/v2\/posts"}],"about":[{"href":"https:\/\/www.gartenakademie.org\/index.php?rest_route=\/wp\/v2\/types\/post"}],"author":[{"embeddable":true,"href":"https:\/\/www.gartenakademie.org\/index.php?rest_route=\/wp\/v2\/users\/2"}],"replies":[{"embeddable":true,"href":"https:\/\/www.gartenakademie.org\/index.php?rest_route=%2Fwp%2Fv2%2Fcomments&post=1415"}],"version-history":[{"count":7,"href":"https:\/\/www.gartenakademie.org\/index.php?rest_route=\/wp\/v2\/posts\/1415\/revisions"}],"predecessor-version":[{"id":1426,"href":"https:\/\/www.gartenakademie.org\/index.php?rest_route=\/wp\/v2\/posts\/1415\/revisions\/1426"}],"wp:featuredmedia":[{"embeddable":true,"href":"https:\/\/www.gartenakademie.org\/index.php?rest_route=\/wp\/v2\/media\/1418"}],"wp:attachment":[{"href":"https:\/\/www.gartenakademie.org\/index.php?rest_route=%2Fwp%2Fv2%2Fmedia&parent=1415"}],"wp:term":[{"taxonomy":"category","embeddable":true,"href":"https:\/\/www.gartenakademie.org\/index.php?rest_route=%2Fwp%2Fv2%2Fcategories&post=1415"},{"taxonomy":"post_tag","embeddable":true,"href":"https:\/\/www.gartenakademie.org\/index.php?rest_route=%2Fwp%2Fv2%2Ftags&post=1415"}],"curies":[{"name":"wp","href":"https:\/\/api.w.org\/{rel}","templated":true}]}}