{"id":1472,"date":"2014-07-11T06:32:57","date_gmt":"2014-07-11T04:32:57","guid":{"rendered":"http:\/\/www.gartenakademie.org\/?p=1472"},"modified":"2014-07-14T07:16:46","modified_gmt":"2014-07-14T05:16:46","slug":"14-7-2014-20-uhr-prof-dr-gerhard-stickel-mannheim-vortrag-spekulationen-ueber-die-zukunft-europaeischer-kultursprachen-danach-ein-gespraech-mit-henny-roenneper","status":"publish","type":"post","link":"https:\/\/www.gartenakademie.org\/?p=1472","title":{"rendered":"14.7.2014: Prof. Dr. Gerhard Stickel  \u201cSpekulationen \u00fcber die Zukunft europ\u00e4ischer  Kultursprachen\u201d danach ein Gespr\u00e4ch mit Henny R\u00f6nneper"},"content":{"rendered":"<p><strong>Montag, 14.7.2014 20 Uhr: Prof. Dr. Gerhard Stickel (Mannheim) Vortrag \u201cSpekulationen \u00fcber die Zukunft europ\u00e4ischer\u00a0 Kultursprachen\u201d danach ein Gespr\u00e4ch mit Henny R\u00f6nneper &#8211;<\/strong>\u2013 zum Franz\u00f6sischen\u00a0 Nationalfeiertag<\/p>\n<p>V<span style=\"font-family: Futura Medium;\"><strong>orbericht in den &#8222;Westf\u00e4lischen Nachrichten&#8220; vom 12. Juli 2014:<\/strong> &#8222;In Deutschland ist die Pflege der Sprache ein Kulturgut, in Frankreich ein Gesetz &#8211; das <a href=\"http:\/\/www.legifrance.gouv.fr\/affichTexte.do?cidTexte=LEGITEXT000005616341&amp;dateTexte=vig\">&#8222;Loi Toubon<\/a>&#8222;, Gesetz zum Gebrauch der franz\u00f6sischen Sprache, das vor genau 20 Jahren (4. August 1994) in Kraft trat. &#8230; &#8222;Spekulationen \u00fcber die Zukunft europ\u00e4ischer Kultursprachen&#8220; stellt kein Geringerer als Prof. Dr. Gehard Stickel (Mannheim) vom Deutschen Sprachrat und Pr\u00e4sident der Europ\u00e4ischen F\u00f6deration nationaler Sprachinstutionen (EFNIL)\u00a0an.<\/span><\/p>\n<p><strong><img loading=\"lazy\" class=\"shrinkToFit decoded aligncenter\" src=\"http:\/\/www.deutscher-sprachrat.de\/uploads\/pics\/pressefotos\/stickel.jpg\" alt=\"http:\/\/www.deutscher-sprachrat.de\/uploads\/pics\/pressefotos\/stickel.jpg\" width=\"229\" height=\"344\" \/><\/strong><\/p>\n<p><a href=\"http:\/\/www.ids-mannheim.de\/org\/personal\/ehemalige\/stickel.html\"><strong>Prof. Dr. Gerhard Stickel &#8211;\u00a0<\/strong> <\/a>Pr\u00e4sident \u201cFederation of National Institutions for Language (EFNIL), Mitglied des \u201cDeutschen Sprachrats \u201c, Auszeichnung 2004 \u201cOrdre de chevalier des arts et lettres\u201d, bis 2002 Vorstand des IDS (Institut f\u00fcr Deutsche Sprache) u.a.<\/p>\n<p>\u2013<img loading=\"lazy\" class=\"decoded aligncenter\" src=\"http:\/\/www.languages-business.com\/profiles\/images\/Roenneper_Henny.jpg\" alt=\"http:\/\/www.languages-business.com\/profiles\/images\/Roenneper_Henny.jpg\" width=\"90\" height=\"110\" \/><\/p>\n<p><strong>Henny R\u00f6nneper<\/strong> ist Leitende Ministerialr\u00e4tin im Ministerium f\u00fcr Schule und Weiterbildung des Landes Nordrhein-Westfalen D\u00fcsseldorf und\u00a0 \u201eChairwoman of the international <a href=\"http:\/\/www.certilingua.net\/\">CertiLingua-steering group<\/a>\u201c<\/p>\n","protected":false},"excerpt":{"rendered":"<p>Montag, 14.7.2014 20 Uhr: Prof. Dr. Gerhard Stickel (Mannheim) Vortrag \u201cSpekulationen \u00fcber die Zukunft europ\u00e4ischer\u00a0 Kultursprachen\u201d danach ein Gespr\u00e4ch mit<\/p>\n","protected":false},"author":2,"featured_media":1476,"comment_status":"open","ping_status":"open","sticky":false,"template":"","format":"standard","meta":[],"categories":[48,49],"tags":[81,94,92,60],"_links":{"self":[{"href":"https:\/\/www.gartenakademie.org\/index.php?rest_route=\/wp\/v2\/posts\/1472"}],"collection":[{"href":"https:\/\/www.gartenakademie.org\/index.php?rest_route=\/wp\/v2\/posts"}],"about":[{"href":"https:\/\/www.gartenakademie.org\/index.php?rest_route=\/wp\/v2\/types\/post"}],"author":[{"embeddable":true,"href":"https:\/\/www.gartenakademie.org\/index.php?rest_route=\/wp\/v2\/users\/2"}],"replies":[{"embeddable":true,"href":"https:\/\/www.gartenakademie.org\/index.php?rest_route=%2Fwp%2Fv2%2Fcomments&post=1472"}],"version-history":[{"count":4,"href":"https:\/\/www.gartenakademie.org\/index.php?rest_route=\/wp\/v2\/posts\/1472\/revisions"}],"predecessor-version":[{"id":1480,"href":"https:\/\/www.gartenakademie.org\/index.php?rest_route=\/wp\/v2\/posts\/1472\/revisions\/1480"}],"wp:featuredmedia":[{"embeddable":true,"href":"https:\/\/www.gartenakademie.org\/index.php?rest_route=\/wp\/v2\/media\/1476"}],"wp:attachment":[{"href":"https:\/\/www.gartenakademie.org\/index.php?rest_route=%2Fwp%2Fv2%2Fmedia&parent=1472"}],"wp:term":[{"taxonomy":"category","embeddable":true,"href":"https:\/\/www.gartenakademie.org\/index.php?rest_route=%2Fwp%2Fv2%2Fcategories&post=1472"},{"taxonomy":"post_tag","embeddable":true,"href":"https:\/\/www.gartenakademie.org\/index.php?rest_route=%2Fwp%2Fv2%2Ftags&post=1472"}],"curies":[{"name":"wp","href":"https:\/\/api.w.org\/{rel}","templated":true}]}}