{"id":1510,"date":"2014-07-31T13:33:54","date_gmt":"2014-07-31T11:33:54","guid":{"rendered":"http:\/\/www.gartenakademie.org\/?p=1510"},"modified":"2014-08-01T06:30:42","modified_gmt":"2014-08-01T04:30:42","slug":"7-8-2014-dr-frank-maier-solgk-moderne-gartenkunst-in-paris-le-notre-und-die-folgen","status":"publish","type":"post","link":"https:\/\/www.gartenakademie.org\/?p=1510","title":{"rendered":"7.8.2014 Dr. Frank Maier-Solgk \u201cModerne Gartenkunst in Paris \u2013 Le Notre und die Folgen\u201d"},"content":{"rendered":"<p><strong>Donnerstag, 7.8.2014 20 Uhr:\u00a0 <a href=\"http:\/\/www.randomhouse.de\/Autor\/Frank_Maier-Solgk\/p168461.rhd\">Dr. Frank Maier-Solgk<\/a> (D\u00fcsseldorf)\u00a0 \u201cModerne Gartenkunst in Paris \u2013 Le Notre und die Folgen\u201d Vortrag<br \/>\n<\/strong><\/p>\n<p><strong>Dr. Frank Maier-Solgk<\/strong> gibt\u00a0 einen Einblick in die vielen kleinen opulent bepflanzten Gr\u00fcnpl\u00e4tze in Paris bis zu den\u00a0 weniger bekannten modernen Gartenanlagen und Parks der franz\u00f6sischen Hauptstadt. Paris, auf dem Weg zur \u00bbville verte\u00ab, ist heute wahrscheinlich die Stadt in Europa, die sich am intensivsten um die Pflege der g\u00e4rtnerischen Tradition und die Erneuerung einer gestalterisch ambitionierten Gartenkunst k\u00fcmmert.<\/p>\n<p><strong><a href=\"http:\/\/www.maier-solgk.de\/\">Frank Maier-Solgk<\/a>,<\/strong> geboren 1959 in M\u00fcnchen, studierte Germanistik, Philosophie und Kunstgeschichte in M\u00fcnchen und Heidelberg. Promotion mit einer Arbeit \u00fcber Robert Musil. Autor und Herausgeber zahlreicher Publikationen zu Architektur, St\u00e4dtebau, Gartenkunst, Kunst- und Kulturgeschichte.<\/p>\n<p><a href=\"http:\/\/www.gartenakademie.org\/wp-content\/uploads\/2014\/07\/eonnjw9r.bmp\"><img loading=\"lazy\" class=\"aligncenter wp-image-1511 size-full\" src=\"http:\/\/www.gartenakademie.org\/wp-content\/uploads\/2014\/07\/eonnjw9r.bmp\" alt=\"eonnjw9r\" width=\"195\" height=\"239\" \/><\/a><\/p>\n<p><strong><a href=\"http:\/\/www.randomhouse.de\/Buch\/Die-schoensten-Gaerten-und-Parks-in-Paris-und-in-der-Ile-de-France\/Frank-Maier-Solgk\/e397106.rhd?mid=4&amp;serviceAvailable=true&amp;showpdf=false#tabbox\">Frank Maier-Solgk &#8222;Die sch\u00f6nsten G\u00e4rten und Parks in Paris und in der Ile de France&#8220;\u00a0<\/a> <\/strong>Mit Fotos von Deidi von Schaewen Gebundenes Buch mit Schutzumschlag, 224 Seiten, 23,0 x 28,0 cm mit 304 Farbfotos ISBN: 978-3-421-03873-9 \u20ac 49,99 [D] Verlag: DVA Architektur<\/p>\n","protected":false},"excerpt":{"rendered":"<p>Donnerstag, 7.8.2014 20 Uhr:\u00a0 Dr. Frank Maier-Solgk (D\u00fcsseldorf)\u00a0 \u201cModerne Gartenkunst in Paris \u2013 Le Notre und die Folgen\u201d Vortrag Dr.<\/p>\n","protected":false},"author":2,"featured_media":1511,"comment_status":"closed","ping_status":"closed","sticky":false,"template":"","format":"standard","meta":[],"categories":[69,48,49],"tags":[8,94,92],"_links":{"self":[{"href":"https:\/\/www.gartenakademie.org\/index.php?rest_route=\/wp\/v2\/posts\/1510"}],"collection":[{"href":"https:\/\/www.gartenakademie.org\/index.php?rest_route=\/wp\/v2\/posts"}],"about":[{"href":"https:\/\/www.gartenakademie.org\/index.php?rest_route=\/wp\/v2\/types\/post"}],"author":[{"embeddable":true,"href":"https:\/\/www.gartenakademie.org\/index.php?rest_route=\/wp\/v2\/users\/2"}],"replies":[{"embeddable":true,"href":"https:\/\/www.gartenakademie.org\/index.php?rest_route=%2Fwp%2Fv2%2Fcomments&post=1510"}],"version-history":[{"count":3,"href":"https:\/\/www.gartenakademie.org\/index.php?rest_route=\/wp\/v2\/posts\/1510\/revisions"}],"predecessor-version":[{"id":1514,"href":"https:\/\/www.gartenakademie.org\/index.php?rest_route=\/wp\/v2\/posts\/1510\/revisions\/1514"}],"wp:featuredmedia":[{"embeddable":true,"href":"https:\/\/www.gartenakademie.org\/index.php?rest_route=\/wp\/v2\/media\/1511"}],"wp:attachment":[{"href":"https:\/\/www.gartenakademie.org\/index.php?rest_route=%2Fwp%2Fv2%2Fmedia&parent=1510"}],"wp:term":[{"taxonomy":"category","embeddable":true,"href":"https:\/\/www.gartenakademie.org\/index.php?rest_route=%2Fwp%2Fv2%2Fcategories&post=1510"},{"taxonomy":"post_tag","embeddable":true,"href":"https:\/\/www.gartenakademie.org\/index.php?rest_route=%2Fwp%2Fv2%2Ftags&post=1510"}],"curies":[{"name":"wp","href":"https:\/\/api.w.org\/{rel}","templated":true}]}}