{"id":2200,"date":"2017-06-22T06:56:33","date_gmt":"2017-06-22T04:56:33","guid":{"rendered":"http:\/\/www.gartenakademie.org\/?p=2200"},"modified":"2017-06-27T06:42:20","modified_gmt":"2017-06-27T04:42:20","slug":"24-6-2017-frank-schaefer-braunschweig-henry-david-thoreau-waldgaenger-und-rebell-eine-biographie","status":"publish","type":"post","link":"https:\/\/www.gartenakademie.org\/?p=2200","title":{"rendered":"24.6.2017 Frank Sch\u00e4fer (Braunschweig) \u201eHenry David Thoreau \u2013 Waldg\u00e4nger und Rebell. Eine Biographie\u201c"},"content":{"rendered":"<p><a href=\"http:\/\/www.gartenakademie.org\/wp-content\/uploads\/2017\/06\/Thoreau.jpg\"><img loading=\"lazy\" class=\"size-medium wp-image-2202 aligncenter\" src=\"http:\/\/www.gartenakademie.org\/wp-content\/uploads\/2017\/06\/Thoreau-200x300.jpg\" alt=\"\" width=\"200\" height=\"300\" srcset=\"https:\/\/www.gartenakademie.org\/wp-content\/uploads\/2017\/06\/Thoreau-200x300.jpg 200w, https:\/\/www.gartenakademie.org\/wp-content\/uploads\/2017\/06\/Thoreau-768x1152.jpg 768w, https:\/\/www.gartenakademie.org\/wp-content\/uploads\/2017\/06\/Thoreau-683x1024.jpg 683w, https:\/\/www.gartenakademie.org\/wp-content\/uploads\/2017\/06\/Thoreau.jpg 1654w\" sizes=\"(max-width: 200px) 100vw, 200px\" \/><\/a><\/p>\n<p>Sa 24.6. 20 Uhr Vortrag Frank Sch\u00e4fer (Braunschweig) \u201eHenry David Thoreau \u2013 Waldg\u00e4nger und Rebell. Eine Biographie\u201c<\/p>\n<p>Frank Sch\u00e4fer (* 1966) ist ein deutscher Schriftsteller. Seine Dissertation schrieb Sch\u00e4fer \u00fcber Lichtenberg und das Judentum in Braunschweig. Der freie Autor wohnt in Braunschweig und schreibt regelm\u00e4\u00dfig f\u00fcr Rolling Stone, NZZ,\u00a0 taz, Titanic und konkret.<\/p>\n<div>\n<p><strong>Am 12. Juli 2017 j\u00e4hrt sich der 200. Geburtstag von Henry David Thoreau (1817<\/strong>\u2013<strong>1862), dem Aussteiger, Naturfreund, st\u00f6rrischen und faszinierenden Freigeist und Rebellen \u2013 der zum\u00a0 amerikanischen Nationalheiligen wurde. Aus diesem Anlass erscheint jetzt die erste umfassende deutsche Biographie.<\/strong><\/p>\n<p>Wer war dieser Mensch, der, aufgewachsen als Sohn eines Bleistiftfabrikanten, in Harvard alte Sprachen studierte und die antiken Klassiker im Original las? Seine Karriere als Lehrer aufs Spiel setzte, weil er sich weigerte, seine Sch\u00fcler mit dem Rohrstock zu maltr\u00e4tieren. Der sich, ein 28-j\u00e4hriger menschenscheuer Junggeselle, zwei Jahre, zwei Monate und zwei Tage\u00a0 in eine selbstgebaute Blockh\u00fctte am Waldensee zur\u00fcckzog, um au\u00dferhalb aller gesellschaftlicher Konventionen zu leben, und dar\u00fcber ein Buch schrieb, das bis heute Pflichtlekt\u00fcre f\u00fcr jeden Amerikaner geblieben ist: <em>Walden<\/em>. Der lieber ins Gef\u00e4ngnis ging, als die USA mit Steuergeldern f\u00fcr ihre Sklavenpolitik und den expandierenden Mexiko-Krieg zu unterst\u00fctzen, und dar\u00fcber sein\u00a0 Traktat \u00bb\u00dcber die Pflicht zum Ungehorsam gegen den Staat\u00ab verfasste, das zum Kanon politischer Protestliteratur geh\u00f6rt, das Mahatma Gandhi als Lehrbuch an seine Sch\u00fcler verteilte, das Martin Luther King und die amerikanische\u00a0 B\u00fcrgerrechtsbewegung im Marschgep\u00e4ck trugen und das die Occupy-Bewegung heute f\u00fcr sich entdeckt hat.<br \/>\nFrank Sch\u00e4fers wissenschaftlich fundierte, spannend erz\u00e4hlte Biographie des einflussreichen Denkers, Politikers und Schriftstellers beantwortet diese Fragen. Er zeichnet das Portr\u00e4t eines Mannes, dessen\u00a0\u00bbExperimente\u00ab und B\u00fccher die Welt ver\u00e4ndert haben und heute aktueller denn je sind.<\/p>\n<p>Literatur:<\/p>\n<p>Frank Sch\u00e4fer<br \/>\nHenry David Thoreau &#8211; Waldg\u00e4nger und Rebell. Eine Biographie<br \/>\nMit zahlreichen Abbildungen<\/p>\n<p>Erschienen: 08.05.2017<\/p>\n<p>suhrkamp taschenbuch 4769, Klappenbroschur, 252 Seiten<br \/>\nISBN: 978-3-518-46769-5\u00a0\u00a0\u00a0 16,95 Euro<\/p>\n<\/div>\n","protected":false},"excerpt":{"rendered":"<p>Sa 24.6. 20 Uhr Vortrag Frank Sch\u00e4fer (Braunschweig) \u201eHenry David Thoreau \u2013 Waldg\u00e4nger und Rebell. Eine Biographie\u201c Frank Sch\u00e4fer (*<\/p>\n","protected":false},"author":2,"featured_media":2201,"comment_status":"closed","ping_status":"closed","sticky":false,"template":"","format":"standard","meta":[],"categories":[1,105],"tags":[],"_links":{"self":[{"href":"https:\/\/www.gartenakademie.org\/index.php?rest_route=\/wp\/v2\/posts\/2200"}],"collection":[{"href":"https:\/\/www.gartenakademie.org\/index.php?rest_route=\/wp\/v2\/posts"}],"about":[{"href":"https:\/\/www.gartenakademie.org\/index.php?rest_route=\/wp\/v2\/types\/post"}],"author":[{"embeddable":true,"href":"https:\/\/www.gartenakademie.org\/index.php?rest_route=\/wp\/v2\/users\/2"}],"replies":[{"embeddable":true,"href":"https:\/\/www.gartenakademie.org\/index.php?rest_route=%2Fwp%2Fv2%2Fcomments&post=2200"}],"version-history":[{"count":1,"href":"https:\/\/www.gartenakademie.org\/index.php?rest_route=\/wp\/v2\/posts\/2200\/revisions"}],"predecessor-version":[{"id":2203,"href":"https:\/\/www.gartenakademie.org\/index.php?rest_route=\/wp\/v2\/posts\/2200\/revisions\/2203"}],"wp:featuredmedia":[{"embeddable":true,"href":"https:\/\/www.gartenakademie.org\/index.php?rest_route=\/wp\/v2\/media\/2201"}],"wp:attachment":[{"href":"https:\/\/www.gartenakademie.org\/index.php?rest_route=%2Fwp%2Fv2%2Fmedia&parent=2200"}],"wp:term":[{"taxonomy":"category","embeddable":true,"href":"https:\/\/www.gartenakademie.org\/index.php?rest_route=%2Fwp%2Fv2%2Fcategories&post=2200"},{"taxonomy":"post_tag","embeddable":true,"href":"https:\/\/www.gartenakademie.org\/index.php?rest_route=%2Fwp%2Fv2%2Ftags&post=2200"}],"curies":[{"name":"wp","href":"https:\/\/api.w.org\/{rel}","templated":true}]}}